{"id":312,"date":"2019-10-02T21:25:05","date_gmt":"2019-10-02T21:25:05","guid":{"rendered":"https:\/\/www.compramostucocheusado.es\/blog\/?p=312"},"modified":"2019-10-03T19:41:23","modified_gmt":"2019-10-03T19:41:23","slug":"zona-bajas-emisiones-barcelona-multas-vehiculos-barcelona-sin-etiqueta-medioambiental","status":"publish","type":"post","link":"https:\/\/www.compramostucocheusado.es\/blog\/zona-bajas-emisiones-barcelona-multas-vehiculos-barcelona-sin-etiqueta-medioambiental\/","title":{"rendered":"Zona Bajas Emisiones Barcelona. Multas Veh\u00edculos Barcelona sin Etiqueta Medioambiental"},"content":{"rendered":"<p>Recientemente ha sido publicada la ordenanza que regular\u00e1 la Zona de Bajas Emisiones (ZBE), en Barcelona y que entrar\u00e1 en vigor el 1 de enero de 2020. Dicha ordenanza comprende un \u00e1rea de m\u00e1s de 95 km\u00b2 que incluye Barcelona y los municipios circundantes a las rondas donde queda restringida la circulaci\u00f3n de los veh\u00edculos sin etiqueta ambiental o veh\u00edculos m\u00e1s contaminantes.<br \/>\n<img decoding=\"async\" loading=\"lazy\" src=\"https:\/\/www.compramostucocheusado.es\/blog\/wp-content\/uploads\/2018\/09\/etiqueta.jpg\" alt=\"Zona Bajas Emisiones Barcelona\" width=\"240\" height=\"210\" class=\"aligncenter size-full wp-image-297\" \/><br \/>\nLa entrada en vigor de esta normativa supondr\u00e1 que todos los coches sin pegatina de la DGT tengan prohibido el acceso a la Zona de Bajas Emisiones, aunque solo ser\u00e1 de lunes a viernes. <\/p>\n<p>A partir del 1 de enero de 2020 no podr\u00e1n acceder a esta zona ning\u00fan veh\u00edculo sin etiqueta medioambiental; dichos veh\u00edculos se engloban de la siguiente forma: Veh\u00edculos gasolina anteriores a Euro 3 matriculados antes de enero del a\u00f1o 2000, y veh\u00edculos di\u00e9sel anteriores a Euro 4 matriculados antes de enero de 2006.<\/p>\n<p>Las furgonetas matriculadas antes del octubre de 1994, con normativa anterior a Euro 1, tampoco podr\u00e1n entrar a la ciudad, as\u00ed como las motos y ciclomotores sin etiqueta y anteriores a Euro 2, que corresponde mayoritariamente a los matriculados antes de 2003.<\/p>\n<p>La ZBE solo funcionar\u00e1 en horario laboral de lunes a viernes, de 7:00 a 20:00 horas. <\/p>\n<p>Incumplir la normativa de acceso a la ZBE no supondr\u00e1 multas desde el 1 de enero, sino que se pondr\u00e1 en marcha un periodo informativo no sancionable que terminar\u00e1 en el mes de abril.<\/p>\n<p>Ser\u00e1 en abril cuando se empiecen a imponer las multas, que est\u00e1n comprendidas entre los 200 y los 1.800 euros:<br \/>\n\u2022Infracciones leves con sanciones de 200 a 499 euros: se aplicar\u00e1n a motocicletas, furgonetas y turismos con una masa m\u00e1xima autorizada de 3,5 toneladas.<br \/>\n\u2022Infracciones graves con sanciones de 500 a 999 euros: para autocares, camiones y furgonetas de mayor volumen.<\/p>\n<p>Si la infracci\u00f3n leve se lleva a cabo en episodio de contaminaci\u00f3n, pasar\u00e1 a considerarse infracci\u00f3n grave, y las graves a muy graves, con multas que van comprendidas entre 1.000 y 1.803 euros.<\/p>\n<p>Esta propuesta de ordenanza deber\u00e1 ser aprobada en el pleno del Ayuntamiento de Barcelona y en el resto de municipios afectados en diciembre.<\/p>\n<p>Hay Excepciones de circulaci\u00f3n en determinados veh\u00edculos como:  Los servicios m\u00e9dicos, servicios funerarios, los veh\u00edculos de personas con movilidad reducida, Protecci\u00f3n Civil, bomberos o polic\u00eda, dichos veh\u00edculos estar\u00e1n exentos de cumplir la normativa. <\/p>\n<p>Adem\u00e1s se contempla aplicar un plazo de un a\u00f1o a los veh\u00edculos de transporte de mercanc\u00edas y de transporte colectivo, como autocares, camiones o furgonetas, para que las empresas tengan el tiempo necesario para renovar sus flotas.<\/p>\n<p>Adem\u00e1s de que ser\u00e1 una zona restringida al tr\u00e1fico \u00fanicamente de lunes a viernes y para los veh\u00edculos sin etiqueta, los conductores afectados podr\u00e1n saltarse el veto un total de 10 d\u00edas al a\u00f1o sin ninguna justificaci\u00f3n. <\/p>\n<p>Para poder acogerse a estas excepciones se deber\u00e1n avisar con 24 horas de antelaci\u00f3n a trav\u00e9s de la p\u00e1gina web del \u00c1rea Metropolitana de Barcelona. Si no lo hacen, ser\u00e1n multados, pero podr\u00e1n recurrir posteriormente la sanci\u00f3n.<\/p>\n<p>No espere a \u00faltima hora para <a href=\"https:\/\/www.compramostucocheusado.es\/dar-baja-coches-barcelona.php\">dar de  baja un coche en barcelona<\/a>, los Centros CAT autorizados tendr\u00e1n una carga excesiva en los pr\u00f3ximos meses, ya que el Parque automovil\u00edstico de Barcelona en veh\u00edculos sin etiqueta medioambiental se considera bastante elevado.<\/p>\n<p>Con dicha normativa queda claro que cada vez m\u00e1s el cerco se realiza a los veh\u00edculos m\u00e1s contaminantes, por lo que concienciarnos sobre ello es importante y vital, por lo que si usted tiene un veh\u00edculo antiguo, contaminante y\/o sin etiqueta medioambiental, no espere a \u00faltima hora para Dar de baja el coche en <a href=\"https:\/\/www.compramostucocheusado.es\/desguaces-barcelona.php\">Desguaces Barcelona<\/a>, evite sanciones y multas renovando su veh\u00edculo por uno m\u00e1s eficiente y menos contaminante.<\/p>\n<div class='sfsi_Sicons' style='width: 100%; display: inline-block; vertical-align: middle; text-align:left'><div style='margin:0px 8px 0px 0px; line-height: 24px'><span>Compartir:<\/span><\/div><div class='sfsi_socialwpr'><div class='sf_fb' style='text-align:left;width:125px'><div class=\"fb-like\" href=\"https:\/\/www.compramostucocheusado.es\/blog\/zona-bajas-emisiones-barcelona-multas-vehiculos-barcelona-sin-etiqueta-medioambiental\/\" width=\"180\" send=\"false\" showfaces=\"false\"  action=\"like\" data-share=\"true\"data-layout=\"button_count\" ><\/div><\/div><div class='sf_twiter' style='text-align:left;float:left;width:auto'><a href=\"http:\/\/twitter.com\/share\" class=\"sr-twitter-button twitter-share-button\" lang=\"en\" data-counturl=\"https:\/\/www.compramostucocheusado.es\/blog\/zona-bajas-emisiones-barcelona-multas-vehiculos-barcelona-sin-etiqueta-medioambiental\/\" data-url=\"https:\/\/www.compramostucocheusado.es\/blog\/zona-bajas-emisiones-barcelona-multas-vehiculos-barcelona-sin-etiqueta-medioambiental\/\" data-text=\"Zona Bajas Emisiones Barcelona. Multas Veh\u00edculos Barcelona sin Etiqueta Medioambiental\" ><\/a><\/div><div class='sf_pinit' style='text-align:left;float:left;line-height: 20px;width:100px'><a href=\"https:\/\/www.pinterest.com\/pin\/create\/button\/?url=&media=&description=\" data-pin-do=\"buttonPin\" data-pin-save=\"true\"data-pin-count=\"beside\"><\/a><\/div><div class='sf_google' style='text-align:left;float:left;max-width:62px;min-width:35px;'><div class=\"g-plusone\" data-href=\"https:\/\/www.compramostucocheusado.es\/blog\/zona-bajas-emisiones-barcelona-multas-vehiculos-barcelona-sin-etiqueta-medioambiental\/\" data-size=\"large\" ><\/div><\/div><\/div><\/div>","protected":false},"excerpt":{"rendered":"<p>Recientemente ha sido publicada la ordenanza que regular\u00e1 la Zona de Bajas Emisiones (ZBE), en Barcelona y que entrar\u00e1 en vigor el 1 de enero de 2020. Dicha ordenanza comprende un \u00e1rea de m\u00e1s de 95 km\u00b2 que incluye Barcelona y los municipios circundantes a las rondas donde queda restringida la circulaci\u00f3n de los veh\u00edculos &hellip; <a href=\"https:\/\/www.compramostucocheusado.es\/blog\/zona-bajas-emisiones-barcelona-multas-vehiculos-barcelona-sin-etiqueta-medioambiental\/\" class=\"more-link\">Continuar leyendo<span class=\"screen-reader-text\"> &#8220;Zona Bajas Emisiones Barcelona. Multas Veh\u00edculos Barcelona sin Etiqueta Medioambiental&#8221;<\/span><\/a><\/p>\n","protected":false},"author":1,"featured_media":0,"comment_status":"open","ping_status":"open","sticky":false,"template":"","format":"standard","meta":[],"categories":[1],"tags":[50,51,48,49,47],"_links":{"self":[{"href":"https:\/\/www.compramostucocheusado.es\/blog\/wp-json\/wp\/v2\/posts\/312"}],"collection":[{"href":"https:\/\/www.compramostucocheusado.es\/blog\/wp-json\/wp\/v2\/posts"}],"about":[{"href":"https:\/\/www.compramostucocheusado.es\/blog\/wp-json\/wp\/v2\/types\/post"}],"author":[{"embeddable":true,"href":"https:\/\/www.compramostucocheusado.es\/blog\/wp-json\/wp\/v2\/users\/1"}],"replies":[{"embeddable":true,"href":"https:\/\/www.compramostucocheusado.es\/blog\/wp-json\/wp\/v2\/comments?post=312"}],"version-history":[{"count":12,"href":"https:\/\/www.compramostucocheusado.es\/blog\/wp-json\/wp\/v2\/posts\/312\/revisions"}],"predecessor-version":[{"id":325,"href":"https:\/\/www.compramostucocheusado.es\/blog\/wp-json\/wp\/v2\/posts\/312\/revisions\/325"}],"wp:attachment":[{"href":"https:\/\/www.compramostucocheusado.es\/blog\/wp-json\/wp\/v2\/media?parent=312"}],"wp:term":[{"taxonomy":"category","embeddable":true,"href":"https:\/\/www.compramostucocheusado.es\/blog\/wp-json\/wp\/v2\/categories?post=312"},{"taxonomy":"post_tag","embeddable":true,"href":"https:\/\/www.compramostucocheusado.es\/blog\/wp-json\/wp\/v2\/tags?post=312"}],"curies":[{"name":"wp","href":"https:\/\/api.w.org\/{rel}","templated":true}]}}